{"id":1026,"date":"2012-02-22T11:00:29","date_gmt":"2012-02-22T09:00:29","guid":{"rendered":"http:\/\/trachtenverein-schoenram.de\/wp\/?p=1026"},"modified":"2012-02-22T11:10:08","modified_gmt":"2012-02-22T09:10:08","slug":"auch-beim-rupertigau-preisschnalzen-gute-platzierungen-fur-schonram","status":"publish","type":"post","link":"http:\/\/trachtenverein-schoenram.de\/wp\/?p=1026","title":{"rendered":"Auch beim Rupertigau-Preisschnalzen gute Platzierungen f\u00fcr Sch\u00f6nram"},"content":{"rendered":"<p style=\"text-align: justify;\">Das 59. Rupertigau-Preisschnalzen fand in diesem Jahr in Teisendorf statt. Die Sch\u00f6nramer Schnalzer konnten auch dabei wieder viele gute Platzierungen erreichen. Bei den Jugendpassen kam &#8222;Sch\u00f6nram I&#8220; auf den hervoragenden 10. Platz, &#8222;Sch\u00f6nram II&#8220; auf den 50. Platz\u00a0 von 65  teilnehmenden Passen.<\/p>\n<p style=\"text-align: justify;\">Bei den allgemeinen Passen erreichte &#8222;Sch\u00f6nram II&#8220; den 37. Platz, &#8222;Sch\u00f6nram I&#8220; den 93. Platz und &#8222;Sch\u00f6nram III&#8220; den 102. Platz von  125 teilnehmenden Passen.<\/p>\n<p style=\"text-align: justify;\">Die komplette Ergebnisliste gibts wie immer auf dieser Seite unter \u201cObalodn\u201d, weitere Infos unter <a href=\"http:\/\/www.schnalzen.de\/\">www.schnalzen.de<\/a>.<\/p>\n<div id=\"attachment_1016\" style=\"width: 549px\" class=\"wp-caption aligncenter\"><a href=\"http:\/\/trachtenverein-schoenram.de\/wp\/wp-content\/uploads\/2012\/02\/Ruperti-Schnalzen.jpg\"><img aria-describedby=\"caption-attachment-1016\" fetchpriority=\"high\" class=\"size-full wp-image-1016\" title=\"Ruperti-Schnalzen\" src=\"http:\/\/trachtenverein-schoenram.de\/wp\/wp-content\/uploads\/2012\/02\/Ruperti-Schnalzen.jpg\" alt=\"\" width=\"539\" height=\"356\" srcset=\"http:\/\/trachtenverein-schoenram.de\/wp\/wp-content\/uploads\/2012\/02\/Ruperti-Schnalzen.jpg 963w, http:\/\/trachtenverein-schoenram.de\/wp\/wp-content\/uploads\/2012\/02\/Ruperti-Schnalzen-300x198.jpg 300w\" sizes=\"(max-width: 539px) 100vw, 539px\" \/><\/a><p id=\"caption-attachment-1016\" class=\"wp-caption-text\">3 Teilnehmer der Sch\u00f6nramrer Jugendpassen bei der Preisverteilung<\/p><\/div>\n","protected":false},"excerpt":{"rendered":"<p>Das 59. Rupertigau-Preisschnalzen fand in diesem Jahr in Teisendorf statt. Die Sch\u00f6nramer Schnalzer konnten auch dabei wieder viele gute Platzierungen erreichen. Bei den Jugendpassen kam &#8222;Sch\u00f6nram<span class=\"excerpt-hellip\"> [\u2026]<\/span><\/p>\n","protected":false},"author":1,"featured_media":0,"comment_status":"closed","ping_status":"closed","sticky":false,"template":"","format":"standard","meta":{"ngg_post_thumbnail":0},"categories":[8],"tags":[54,57,56],"_links":{"self":[{"href":"http:\/\/trachtenverein-schoenram.de\/wp\/index.php?rest_route=\/wp\/v2\/posts\/1026"}],"collection":[{"href":"http:\/\/trachtenverein-schoenram.de\/wp\/index.php?rest_route=\/wp\/v2\/posts"}],"about":[{"href":"http:\/\/trachtenverein-schoenram.de\/wp\/index.php?rest_route=\/wp\/v2\/types\/post"}],"author":[{"embeddable":true,"href":"http:\/\/trachtenverein-schoenram.de\/wp\/index.php?rest_route=\/wp\/v2\/users\/1"}],"replies":[{"embeddable":true,"href":"http:\/\/trachtenverein-schoenram.de\/wp\/index.php?rest_route=%2Fwp%2Fv2%2Fcomments&post=1026"}],"version-history":[{"count":5,"href":"http:\/\/trachtenverein-schoenram.de\/wp\/index.php?rest_route=\/wp\/v2\/posts\/1026\/revisions"}],"predecessor-version":[{"id":1031,"href":"http:\/\/trachtenverein-schoenram.de\/wp\/index.php?rest_route=\/wp\/v2\/posts\/1026\/revisions\/1031"}],"wp:attachment":[{"href":"http:\/\/trachtenverein-schoenram.de\/wp\/index.php?rest_route=%2Fwp%2Fv2%2Fmedia&parent=1026"}],"wp:term":[{"taxonomy":"category","embeddable":true,"href":"http:\/\/trachtenverein-schoenram.de\/wp\/index.php?rest_route=%2Fwp%2Fv2%2Fcategories&post=1026"},{"taxonomy":"post_tag","embeddable":true,"href":"http:\/\/trachtenverein-schoenram.de\/wp\/index.php?rest_route=%2Fwp%2Fv2%2Ftags&post=1026"}],"curies":[{"name":"wp","href":"https:\/\/api.w.org\/{rel}","templated":true}]}}