{"id":1047,"date":"2012-04-06T22:34:33","date_gmt":"2012-04-06T20:34:33","guid":{"rendered":"http:\/\/trachtenverein-schoenram.de\/wp\/?p=1047"},"modified":"2012-04-06T22:46:33","modified_gmt":"2012-04-06T20:46:33","slug":"schonramer-theaterauffuhrung-wieder-ein-voller-erfolg","status":"publish","type":"post","link":"http:\/\/trachtenverein-schoenram.de\/wp\/?p=1047","title":{"rendered":"Sch\u00f6nramer Theaterauff\u00fchrung wieder ein voller Erfolg"},"content":{"rendered":"<p style=\"text-align: justify;\">\n<div class=\"autoviewer\" id=\"ngg_autoviewer30\">\n<div class=\"swfobject\" id=\"fo30_1\" style=\"width:320px; height:240px;\">\n<p>The <a href=\"http:\/\/www.macromedia.com\/go\/getflashplayer\">Flash Player<\/a> and <a href=\"http:\/\/www.mozilla.com\/firefox\/\">a browser with Javascript support<\/a> are needed..<\/p>\n<\/div>\n<\/div>\n<script type=\"text\/javascript\" defer=\"defer\">\nvar fo30_1 = {\n\tparams : {\n\t\twmode : \"opaque\",\n\t\tallowfullscreen : \"true\",\n\t\tbgcolor : \"#FFFFFF\"},\n\tflashvars : {\n\t\tlangOpenImage : \"Open Image in New Window\",\n\t\tlangAbout : \"About\",\n\t\txmlURL : \"http:\/\/trachtenverein-schoenram.de\/wp\/wp-content\/plugins\/nextgen-flashviewer\/xml\/autoviewer.php?gid=30\"},\n\tattr : {\n\t\tstyleclass : \"autoviewer\"},\n\tstart : function() {\n\t\tswfobject.embedSWF(\"http:\/\/trachtenverein-schoenram.de\/wp\/wp-content\/plugins\/nggflash-swf\/autoviewer.swf\", \"fo30_1\", \"320\", \"240\", \"7.0.0\", false, this.flashvars, this.params , this.attr );\n\t}\n}\nfo30_1.start();\n<\/script><\/p>\n<p style=\"text-align: justify;\">Die Theatergruppe f\u00fchrte in diesem Jahr die Kom\u00f6die &#8222;Am Wegweiser zum 7. Himmel&#8220; von Maximilian Vitus auf. Die Tatsache, dass das Sch\u00f6nramer Br\u00e4ust\u00fcberl am letzten Tag der Auff\u00fchrung bis auf den letzten Platz gef\u00fcllt war, kann als Beweis f\u00fcr den Erfolg der Auff\u00fchrung gesehen werden! Das St\u00fcck erz\u00e4hlte die Geschichte der Landstreicher Nigg und Veit, die in einer Winternacht die halberfrorene Bauerntochter Julia in einer Almh\u00fctte aufnehmen. Nigg schl\u00e4ft in der Almh\u00fctte ein und tr\u00e4umt davon, dass er ein Bauernsohn sei, der nach 20 Jahren seinen au\u00dferehelichen Vater wieder findet. Auf dessen Hof zeichnet er sich durch Flei\u00df und T\u00fcchtigkeit aus und \u00fcbernimmt den v\u00e4terlichen Hof samt seiner sch\u00f6nen Braut. Dieser Traum wurde im zweiten und dritten Akt des St\u00fcckes dargestellt. Im letzten Akt sah man den Landstreicher Nigg in der kalten Almh\u00fctte wieder erwachen. Von dem Traum bezaubert, schritt er mit tausend guten Vors\u00e4tzen zur Arbeit in das Licht des jungen Alpenmorgens.<\/p>\n<p style=\"text-align: justify;\">Der Verein hatte f\u00fcr dieses Jahr extra 2 neue B\u00fchnenbilder machen lassen: 1 Bauernstube und eine Almh\u00fctte. Beide kamen beim Publikum gut an und erhielten sehr viel Lob. Zusammen mit dem bereits vorhandenen B\u00fchnenbild hat die Theatergruppe nun gen\u00fcgend Kulissen, um die meisten Bauerntheater auff\u00fchren zu k\u00f6nnen. Man darf schon auf das n\u00e4chste St\u00fcck im Fr\u00fchjahr 2013 gespannt sein!<\/p>\n<div id=\"attachment_1050\" style=\"width: 511px\" class=\"wp-caption aligncenter\"><a href=\"http:\/\/trachtenverein-schoenram.de\/wp\/wp-content\/uploads\/2012\/04\/Theater2012.jpg\"><img aria-describedby=\"caption-attachment-1050\" fetchpriority=\"high\" class=\"size-full wp-image-1050\" title=\"Theater 2012\" src=\"http:\/\/trachtenverein-schoenram.de\/wp\/wp-content\/uploads\/2012\/04\/Theater2012.jpg\" alt=\"\" width=\"501\" height=\"341\" srcset=\"http:\/\/trachtenverein-schoenram.de\/wp\/wp-content\/uploads\/2012\/04\/Theater2012.jpg 754w, http:\/\/trachtenverein-schoenram.de\/wp\/wp-content\/uploads\/2012\/04\/Theater2012-300x204.jpg 300w\" sizes=\"(max-width: 501px) 100vw, 501px\" \/><\/a><p id=\"caption-attachment-1050\" class=\"wp-caption-text\">die Mitwirkenden der Theaterauff\u00fchrung 2012<\/p><\/div>\n","protected":false},"excerpt":{"rendered":"<p>Die Theatergruppe f\u00fchrte in diesem Jahr die Kom\u00f6die &#8222;Am Wegweiser zum 7. Himmel&#8220; von Maximilian Vitus auf. Die Tatsache, dass das Sch\u00f6nramer Br\u00e4ust\u00fcberl am letzten Tag<span class=\"excerpt-hellip\"> [\u2026]<\/span><\/p>\n","protected":false},"author":1,"featured_media":0,"comment_status":"closed","ping_status":"closed","sticky":false,"template":"","format":"standard","meta":{"ngg_post_thumbnail":0},"categories":[9],"tags":[54],"_links":{"self":[{"href":"http:\/\/trachtenverein-schoenram.de\/wp\/index.php?rest_route=\/wp\/v2\/posts\/1047"}],"collection":[{"href":"http:\/\/trachtenverein-schoenram.de\/wp\/index.php?rest_route=\/wp\/v2\/posts"}],"about":[{"href":"http:\/\/trachtenverein-schoenram.de\/wp\/index.php?rest_route=\/wp\/v2\/types\/post"}],"author":[{"embeddable":true,"href":"http:\/\/trachtenverein-schoenram.de\/wp\/index.php?rest_route=\/wp\/v2\/users\/1"}],"replies":[{"embeddable":true,"href":"http:\/\/trachtenverein-schoenram.de\/wp\/index.php?rest_route=%2Fwp%2Fv2%2Fcomments&post=1047"}],"version-history":[{"count":6,"href":"http:\/\/trachtenverein-schoenram.de\/wp\/index.php?rest_route=\/wp\/v2\/posts\/1047\/revisions"}],"predecessor-version":[{"id":1054,"href":"http:\/\/trachtenverein-schoenram.de\/wp\/index.php?rest_route=\/wp\/v2\/posts\/1047\/revisions\/1054"}],"wp:attachment":[{"href":"http:\/\/trachtenverein-schoenram.de\/wp\/index.php?rest_route=%2Fwp%2Fv2%2Fmedia&parent=1047"}],"wp:term":[{"taxonomy":"category","embeddable":true,"href":"http:\/\/trachtenverein-schoenram.de\/wp\/index.php?rest_route=%2Fwp%2Fv2%2Fcategories&post=1047"},{"taxonomy":"post_tag","embeddable":true,"href":"http:\/\/trachtenverein-schoenram.de\/wp\/index.php?rest_route=%2Fwp%2Fv2%2Ftags&post=1047"}],"curies":[{"name":"wp","href":"https:\/\/api.w.org\/{rel}","templated":true}]}}