{"id":1057,"date":"2012-05-21T21:29:27","date_gmt":"2012-05-21T19:29:27","guid":{"rendered":"http:\/\/trachtenverein-schoenram.de\/wp\/?p=1057"},"modified":"2012-05-21T21:31:41","modified_gmt":"2012-05-21T19:31:41","slug":"viele-ehrungen-beim-jahrtag-der-untersurtaler","status":"publish","type":"post","link":"http:\/\/trachtenverein-schoenram.de\/wp\/?p=1057","title":{"rendered":"Viele Ehrungen beim Jahrtag der Untersurtaler"},"content":{"rendered":"<p style=\"text-align: justify;\">\n<div class=\"autoviewer\" id=\"ngg_autoviewer31\">\n<div class=\"swfobject\" id=\"fo31_1\" style=\"width:320px; height:240px;\">\n<p>The <a href=\"http:\/\/www.macromedia.com\/go\/getflashplayer\">Flash Player<\/a> and <a href=\"http:\/\/www.mozilla.com\/firefox\/\">a browser with Javascript support<\/a> are needed..<\/p>\n<\/div>\n<\/div>\n<script type=\"text\/javascript\" defer=\"defer\">\nvar fo31_1 = {\n\tparams : {\n\t\twmode : \"opaque\",\n\t\tallowfullscreen : \"true\",\n\t\tbgcolor : \"#FFFFFF\"},\n\tflashvars : {\n\t\tlangOpenImage : \"Open Image in New Window\",\n\t\tlangAbout : \"About\",\n\t\txmlURL : \"http:\/\/trachtenverein-schoenram.de\/wp\/wp-content\/plugins\/nextgen-flashviewer\/xml\/autoviewer.php?gid=31\"},\n\tattr : {\n\t\tstyleclass : \"autoviewer\"},\n\tstart : function() {\n\t\tswfobject.embedSWF(\"http:\/\/trachtenverein-schoenram.de\/wp\/wp-content\/plugins\/nggflash-swf\/autoviewer.swf\", \"fo31_1\", \"320\", \"240\", \"7.0.0\", false, this.flashvars, this.params , this.attr );\n\t}\n}\nfo31_1.start();\n<\/script><\/p>\n<p style=\"text-align: justify;\"><span style=\"font-size: small;\"><strong>(al) Fast scheint es,  als ob das Wetter beim Jahrtag der &#8222;Untersurtaler&#8220; in Sch\u00f6nram nur sch\u00f6n  sein kann. Auf den Gottesdienst beim Anwesen der Oberlindober folgte  der Umzug durchs Dorf. <\/strong><\/span><br \/>\n<span style=\"font-size: small;\">Die  Musikkapelle Ringham-Petting hatte die Trachtler vor dem Gottesdienst  vom Vereinsheim hinter dem Br\u00e4ust\u00fcberl zum Anwesen der Familie  Oberlindober geleitet. Am Waldrand warteten die Sch\u00f6nramer  B\u00f6llersch\u00fctzen, um die Kapelle und die Trachtler mit einem Salut zu  begr\u00fc\u00dfen.<\/span><\/p>\n<p style=\"text-align: justify;\">Wie schon seit vielen Jahren hielt Pfarrer Horst Kress aus Weildorf  den Gottesdienst. In seiner Ansprache wies Kress auf die zunehmende  Vereinsamung in der Gesellschaft hin. Durch den steigenden Zeitdruck und  das Arbeiten an Computern ohne echten menschlichen Kontakt w\u00fcrden die  Menschen vereinsamen, sagte Kress. Darum seien Vereine wie die Trachtler  und die Musikkapellen so wichtig. Dort w\u00fcrden die Leute noch  zusammenkommen und gemeinsam etwas unternehmen.<\/p>\n<p style=\"text-align: justify;\">Nach dem Gottesdienst zogen Musikanten und Trachtler zum Gefallen der  Zuschauer durch das Dorf, um dann im Saal des Br\u00e4ust\u00fcberls ihren  Jahrestag zu feiern. Auch dabei wurden die Trachtler von der  Musikkapelle Ringham-Petting unterhalten.<\/p>\n<p style=\"text-align: justify;\">In einer Gedenkminute wurde der im vergangenen Jahr verstorbenen  Mitglieder Johann \u00d6llerer und Josef Hofmann gedacht. In einer kurzen  Rede hielt Vorsitzender Werner Gromes die Trachtler dazu an, Werbung f\u00fcr  den Verein zu machen. Vor allem Kinder und Jugendliche sollten zum  Beitritt animiert werden. &#8222;Sie sind unsere Zukunft&#8220;, sagte Gromes.<\/p>\n<p style=\"text-align: justify;\">Markus Gromes hat k\u00fcrzlich das Zertifikat als ausgebildeter  Jugendleiter erhalten und Vroni Past\u00f6tter muss nur noch einen Kurs  absolvieren, um sich ebenfalls als zertifizierte Jugendleiterin zu  bet\u00e4tigen. Jeden Freitag um 18 Uhr treffen sich die Kinder im  Vereinsheim hinter dem Br\u00e4ust\u00fcberl, um zu spielen, tanzen, plattln,  singen und musizieren. Alle sind herzlich eingeladen mitzumachen, sagte  der Vorsitzende. Gleich zu Anfang des Jahrestages hatte die Kindergruppe  ein Lied vorgetragen und mehrere Plattler gezeigt. Der zweite  B\u00fcrgermeister, Ludwig Prechtl, sagte, dass er sich immer wieder freue,  dass nicht nur die Kinder und Jugendlichen so eifrig mitmachen, sondern  auch die Aktiven. Abschlie\u00dfend gab Gromes mehrere Termine bekannt: die  Gautrachtenwallfahrt nach Maria Eck am 20. Mai, das Feuerwehrfest von 4.  bis 10. Juni in Petting, das Drei-Vereine-Plattln in der Turnhalle  Petting und vieles mehr. Am 23. September machen die &#8222;Untersurtaler&#8220;  ihren Vereinsausflug und am 28. Oktober findet die  Jahreshauptversammlung statt.<\/p>\n<p style=\"text-align: justify;\">Mit der Auff\u00fchrung der &#8222;Olympiapolka&#8220; beendeten die Aktiven des Vereins den Jahrtag.<\/p>\n","protected":false},"excerpt":{"rendered":"<p>(al) Fast scheint es, als ob das Wetter beim Jahrtag der &#8222;Untersurtaler&#8220; in Sch\u00f6nram nur sch\u00f6n sein kann. Auf den Gottesdienst beim Anwesen der Oberlindober folgte<span class=\"excerpt-hellip\"> [\u2026]<\/span><\/p>\n","protected":false},"author":1,"featured_media":0,"comment_status":"closed","ping_status":"closed","sticky":false,"template":"","format":"standard","meta":{"ngg_post_thumbnail":0},"categories":[1],"tags":[54,4,41],"_links":{"self":[{"href":"http:\/\/trachtenverein-schoenram.de\/wp\/index.php?rest_route=\/wp\/v2\/posts\/1057"}],"collection":[{"href":"http:\/\/trachtenverein-schoenram.de\/wp\/index.php?rest_route=\/wp\/v2\/posts"}],"about":[{"href":"http:\/\/trachtenverein-schoenram.de\/wp\/index.php?rest_route=\/wp\/v2\/types\/post"}],"author":[{"embeddable":true,"href":"http:\/\/trachtenverein-schoenram.de\/wp\/index.php?rest_route=\/wp\/v2\/users\/1"}],"replies":[{"embeddable":true,"href":"http:\/\/trachtenverein-schoenram.de\/wp\/index.php?rest_route=%2Fwp%2Fv2%2Fcomments&post=1057"}],"version-history":[{"count":7,"href":"http:\/\/trachtenverein-schoenram.de\/wp\/index.php?rest_route=\/wp\/v2\/posts\/1057\/revisions"}],"predecessor-version":[{"id":1065,"href":"http:\/\/trachtenverein-schoenram.de\/wp\/index.php?rest_route=\/wp\/v2\/posts\/1057\/revisions\/1065"}],"wp:attachment":[{"href":"http:\/\/trachtenverein-schoenram.de\/wp\/index.php?rest_route=%2Fwp%2Fv2%2Fmedia&parent=1057"}],"wp:term":[{"taxonomy":"category","embeddable":true,"href":"http:\/\/trachtenverein-schoenram.de\/wp\/index.php?rest_route=%2Fwp%2Fv2%2Fcategories&post=1057"},{"taxonomy":"post_tag","embeddable":true,"href":"http:\/\/trachtenverein-schoenram.de\/wp\/index.php?rest_route=%2Fwp%2Fv2%2Ftags&post=1057"}],"curies":[{"name":"wp","href":"https:\/\/api.w.org\/{rel}","templated":true}]}}