{"id":1067,"date":"2012-05-22T23:03:33","date_gmt":"2012-05-22T21:03:33","guid":{"rendered":"http:\/\/trachtenverein-schoenram.de\/wp\/?p=1067"},"modified":"2012-05-22T23:06:14","modified_gmt":"2012-05-22T21:06:14","slug":"strahlender-sonnenschein-bei-der-62-gautrachtenwallfahrt-nach-maria-eck","status":"publish","type":"post","link":"http:\/\/trachtenverein-schoenram.de\/wp\/?p=1067","title":{"rendered":"strahlender Sonnenschein bei der 62. Gautrachtenwallfahrt nach Maria Eck"},"content":{"rendered":"<p style=\"text-align: justify;\">Siegsdorf. Wie jedes Jahr beteiligten wir uns auch heuer wieder an der Gautrachtenwallfahrt nach Maria Eck. Oben angekommen, begr\u00fc\u00dfte der Studiendirektor Markus Moderegger zusammen mit zwei Vertretern des Klosters die rund 2.500 Wallfahrer. Bevor er durch die heilige Messe f\u00fchrte, merkte er noch an, dass jedes Jahr der Himmel bei der Trachtenwallfahrt weinen w\u00fcrde. Die letzten male habe es geregnet, diesmal w\u00fcrde er wegen dem verlorenen Championsleague-Finale des FC Bayern weinen.<\/p>\n<p><a href=\"http:\/\/trachtenverein-schoenram.de\/wp\/wp-content\/uploads\/2012\/05\/Maria-Eck-2012.jpg\"><img fetchpriority=\"high\" class=\"aligncenter size-full wp-image-1066\" title=\"Maria Eck 2012\" src=\"http:\/\/trachtenverein-schoenram.de\/wp\/wp-content\/uploads\/2012\/05\/Maria-Eck-2012.jpg\" alt=\"\" width=\"523\" height=\"419\" srcset=\"http:\/\/trachtenverein-schoenram.de\/wp\/wp-content\/uploads\/2012\/05\/Maria-Eck-2012.jpg 769w, http:\/\/trachtenverein-schoenram.de\/wp\/wp-content\/uploads\/2012\/05\/Maria-Eck-2012-300x239.jpg 300w\" sizes=\"(max-width: 523px) 100vw, 523px\" \/><\/a><\/p>\n","protected":false},"excerpt":{"rendered":"<p>Siegsdorf. Wie jedes Jahr beteiligten wir uns auch heuer wieder an der Gautrachtenwallfahrt nach Maria Eck. Oben angekommen, begr\u00fc\u00dfte der Studiendirektor Markus Moderegger zusammen mit zwei<span class=\"excerpt-hellip\"> [\u2026]<\/span><\/p>\n","protected":false},"author":1,"featured_media":0,"comment_status":"closed","ping_status":"closed","sticky":false,"template":"","format":"standard","meta":{"ngg_post_thumbnail":0},"categories":[1],"tags":[54,60,59],"_links":{"self":[{"href":"http:\/\/trachtenverein-schoenram.de\/wp\/index.php?rest_route=\/wp\/v2\/posts\/1067"}],"collection":[{"href":"http:\/\/trachtenverein-schoenram.de\/wp\/index.php?rest_route=\/wp\/v2\/posts"}],"about":[{"href":"http:\/\/trachtenverein-schoenram.de\/wp\/index.php?rest_route=\/wp\/v2\/types\/post"}],"author":[{"embeddable":true,"href":"http:\/\/trachtenverein-schoenram.de\/wp\/index.php?rest_route=\/wp\/v2\/users\/1"}],"replies":[{"embeddable":true,"href":"http:\/\/trachtenverein-schoenram.de\/wp\/index.php?rest_route=%2Fwp%2Fv2%2Fcomments&post=1067"}],"version-history":[{"count":5,"href":"http:\/\/trachtenverein-schoenram.de\/wp\/index.php?rest_route=\/wp\/v2\/posts\/1067\/revisions"}],"predecessor-version":[{"id":1072,"href":"http:\/\/trachtenverein-schoenram.de\/wp\/index.php?rest_route=\/wp\/v2\/posts\/1067\/revisions\/1072"}],"wp:attachment":[{"href":"http:\/\/trachtenverein-schoenram.de\/wp\/index.php?rest_route=%2Fwp%2Fv2%2Fmedia&parent=1067"}],"wp:term":[{"taxonomy":"category","embeddable":true,"href":"http:\/\/trachtenverein-schoenram.de\/wp\/index.php?rest_route=%2Fwp%2Fv2%2Fcategories&post=1067"},{"taxonomy":"post_tag","embeddable":true,"href":"http:\/\/trachtenverein-schoenram.de\/wp\/index.php?rest_route=%2Fwp%2Fv2%2Ftags&post=1067"}],"curies":[{"name":"wp","href":"https:\/\/api.w.org\/{rel}","templated":true}]}}