{"id":1076,"date":"2012-06-27T10:06:31","date_gmt":"2012-06-27T08:06:31","guid":{"rendered":"http:\/\/trachtenverein-schoenram.de\/wp\/?p=1076"},"modified":"2012-06-27T10:09:00","modified_gmt":"2012-06-27T08:09:00","slug":"7-erstplatzierungen-beim-3-vereine-preisplatteln-in-petting","status":"publish","type":"post","link":"http:\/\/trachtenverein-schoenram.de\/wp\/?p=1076","title":{"rendered":"7 Erstplatzierungen beim 3-Vereine-Preisplatteln in Petting"},"content":{"rendered":"<p style=\"text-align: justify;\">\n<div id=\"attachment_1073\" style=\"width: 512px\" class=\"wp-caption aligncenter\"><a href=\"http:\/\/trachtenverein-schoenram.de\/wp\/wp-content\/uploads\/2012\/06\/Preisplatteln-2012.jpg\"><img aria-describedby=\"caption-attachment-1073\" fetchpriority=\"high\" class=\"size-full wp-image-1073\" title=\"Preisplatteln 2012\" src=\"http:\/\/trachtenverein-schoenram.de\/wp\/wp-content\/uploads\/2012\/06\/Preisplatteln-2012.jpg\" alt=\"\" width=\"502\" height=\"320\" srcset=\"http:\/\/trachtenverein-schoenram.de\/wp\/wp-content\/uploads\/2012\/06\/Preisplatteln-2012.jpg 1115w, http:\/\/trachtenverein-schoenram.de\/wp\/wp-content\/uploads\/2012\/06\/Preisplatteln-2012-300x191.jpg 300w, http:\/\/trachtenverein-schoenram.de\/wp\/wp-content\/uploads\/2012\/06\/Preisplatteln-2012-1024x654.jpg 1024w\" sizes=\"(max-width: 502px) 100vw, 502px\" \/><\/a><p id=\"caption-attachment-1073\" class=\"wp-caption-text\">die Sch\u00f6nramer Teilnehmer des Preisplattelns<\/p><\/div>\n<p style=\"text-align: justify;\"><strong>Petting.<\/strong> (al) Nachdem auf dem Gel\u00e4nde der Brauerei Sch\u00f6nram gerade gebaut wird und deshalb das Kellerhaus nicht zur Verf\u00fcgung stand, mussten die \u201eUntersurtaler-Trachtler&#8220; heuer f\u00fcr ihr drei Vereine Preisplatteln einen anderen Austragungsort finden. Die Turnhalle in Petting bot sich als Austragungsort f\u00fcr die insgesamt 127 Kinder, Jugendlichen und Aktiven an und hatte auch gen\u00fcgend Platz f\u00fcr die Zuschauer.<\/p>\n<p style=\"text-align: justify;\">Vorstand Werner Gromes konnte neben den Teilnehmern auch die Musikanten Thomas Reiter (Ziach) und Ernst Schwangler (Baritonhorn) begr\u00fc\u00dfen. Nat\u00fcrlich wurden auch die Preisrichter Georg Fuchs (Karlstein), Hans Gastager (Palling), Stefan Lohwieser (Lauter), Josef Anfang (Traustein), Willi Maier (Truchtlaching) und Ferdinand Steinma\u00dfl (Tittmoning) begr\u00fc\u00dft, sowie die Vorst\u00e4nde der Gastvereine, Christian Willberger aus Weildorf und Hans Kamml aus Anger-H\u00f6glw\u00f6rth. Auch B\u00fcrgermeister Karl Lanzinger konnte Werner Gromes willkommen hei\u00dfen.<\/p>\n<p style=\"text-align: justify;\">Nachdem die Teilnehmer in den jeweiligen Altersgruppen ihr K\u00f6nnen unter den strengen Augen der Preisrichter zeigten, konnte B\u00fcrgermeister Karl Lanzinger am Ende der Veranstaltung die Siegerehrung vornehmen. Besonders erw\u00e4hnt seien hier die die 7 Sch\u00f6nramer Teilnehmer, die in ihrer Gruppe jeweils den ersten Platz erreichen konnten: Stefan Krammer (Buam I), Matthias Krammer (Buam II), Johannes Krammer (Buam IV), Magdalena Krammer (Dirndl Ia), Sabine Prechtl (Dirndl I), Teresa Abfalter (Dirndl II) und Markus Gromes (Aktive I).<\/p>\n<p style=\"text-align: justify;\">Die gesamte Ergebnisliste gibt&#8217;s auf dieser Seite unter &#8222;Obalodn&#8220; zu finden.<\/p>\n","protected":false},"excerpt":{"rendered":"<p>Petting. (al) Nachdem auf dem Gel\u00e4nde der Brauerei Sch\u00f6nram gerade gebaut wird und deshalb das Kellerhaus nicht zur Verf\u00fcgung stand, mussten die \u201eUntersurtaler-Trachtler&#8220; heuer f\u00fcr ihr<span class=\"excerpt-hellip\"> [\u2026]<\/span><\/p>\n","protected":false},"author":1,"featured_media":0,"comment_status":"closed","ping_status":"closed","sticky":false,"template":"","format":"standard","meta":{"ngg_post_thumbnail":0},"categories":[7,1,6],"tags":[54,43,61],"_links":{"self":[{"href":"http:\/\/trachtenverein-schoenram.de\/wp\/index.php?rest_route=\/wp\/v2\/posts\/1076"}],"collection":[{"href":"http:\/\/trachtenverein-schoenram.de\/wp\/index.php?rest_route=\/wp\/v2\/posts"}],"about":[{"href":"http:\/\/trachtenverein-schoenram.de\/wp\/index.php?rest_route=\/wp\/v2\/types\/post"}],"author":[{"embeddable":true,"href":"http:\/\/trachtenverein-schoenram.de\/wp\/index.php?rest_route=\/wp\/v2\/users\/1"}],"replies":[{"embeddable":true,"href":"http:\/\/trachtenverein-schoenram.de\/wp\/index.php?rest_route=%2Fwp%2Fv2%2Fcomments&post=1076"}],"version-history":[{"count":5,"href":"http:\/\/trachtenverein-schoenram.de\/wp\/index.php?rest_route=\/wp\/v2\/posts\/1076\/revisions"}],"predecessor-version":[{"id":1080,"href":"http:\/\/trachtenverein-schoenram.de\/wp\/index.php?rest_route=\/wp\/v2\/posts\/1076\/revisions\/1080"}],"wp:attachment":[{"href":"http:\/\/trachtenverein-schoenram.de\/wp\/index.php?rest_route=%2Fwp%2Fv2%2Fmedia&parent=1076"}],"wp:term":[{"taxonomy":"category","embeddable":true,"href":"http:\/\/trachtenverein-schoenram.de\/wp\/index.php?rest_route=%2Fwp%2Fv2%2Fcategories&post=1076"},{"taxonomy":"post_tag","embeddable":true,"href":"http:\/\/trachtenverein-schoenram.de\/wp\/index.php?rest_route=%2Fwp%2Fv2%2Ftags&post=1076"}],"curies":[{"name":"wp","href":"https:\/\/api.w.org\/{rel}","templated":true}]}}