{"id":1316,"date":"2013-09-25T07:27:09","date_gmt":"2013-09-25T05:27:09","guid":{"rendered":"http:\/\/trachtenverein-schoenram.de\/wp\/?p=1316"},"modified":"2013-09-25T18:54:23","modified_gmt":"2013-09-25T16:54:23","slug":"gaujugendpreisplatteln-saaldorf-2013","status":"publish","type":"post","link":"http:\/\/trachtenverein-schoenram.de\/wp\/?p=1316","title":{"rendered":"Gaujugendpreisplatteln Saaldorf 2013"},"content":{"rendered":"<p style=\"text-align: justify;\"><a href=\"http:\/\/trachtenverein-schoenram.de\/wp\/wp-content\/uploads\/2013\/09\/Gaujugend-2013.jpg\"><img fetchpriority=\"high\" class=\"aligncenter size-full wp-image-1313\" title=\"01\" src=\"http:\/\/trachtenverein-schoenram.de\/wp\/wp-content\/uploads\/2013\/09\/Gaujugend-2013.jpg\" alt=\"\" width=\"512\" height=\"683\" srcset=\"http:\/\/trachtenverein-schoenram.de\/wp\/wp-content\/uploads\/2013\/09\/Gaujugend-2013.jpg 512w, http:\/\/trachtenverein-schoenram.de\/wp\/wp-content\/uploads\/2013\/09\/Gaujugend-2013-224x300.jpg 224w\" sizes=\"(max-width: 512px) 100vw, 512px\" \/><\/a>Im Herbst findet alle Jahre in der Saaldorfer Mehrzweckhalle das  Gaujugendpreisplatteln statt. Es wurden von unseren Jugendlichen wieder gute Platzierungen erzielt,  wobei Mathias Krammer sich in diesem Jahr besonders freuen durfte. Er erreichte den 14. Platz (von 56  Teilnehmern)und durfte somit einen Pokal mit nach Hause nehmen.\u00a0 Zum Abschluss gab es im Br\u00e4ust\u00fcberl Sch\u00f6nram noch eine  St\u00e4rkung. Ein besonder Dank gilt auch den Jugendleitern Markus Gromes  und Veronika Past\u00f6tter, die die Jugendlichen trainieren und betreuen.<\/p>\n<p style=\"text-align: justify;\">Die gesamte Ergebnisliste gibt es wie immer auf dieser Seite unter &#8222;Obalodn&#8220;.<\/p>\n","protected":false},"excerpt":{"rendered":"<p>Im Herbst findet alle Jahre in der Saaldorfer Mehrzweckhalle das Gaujugendpreisplatteln statt. Es wurden von unseren Jugendlichen wieder gute Platzierungen erzielt, wobei Mathias Krammer sich in<span class=\"excerpt-hellip\"> [\u2026]<\/span><\/p>\n","protected":false},"author":1,"featured_media":0,"comment_status":"closed","ping_status":"closed","sticky":false,"template":"","format":"standard","meta":{"ngg_post_thumbnail":0},"categories":[6],"tags":[63,61,26],"_links":{"self":[{"href":"http:\/\/trachtenverein-schoenram.de\/wp\/index.php?rest_route=\/wp\/v2\/posts\/1316"}],"collection":[{"href":"http:\/\/trachtenverein-schoenram.de\/wp\/index.php?rest_route=\/wp\/v2\/posts"}],"about":[{"href":"http:\/\/trachtenverein-schoenram.de\/wp\/index.php?rest_route=\/wp\/v2\/types\/post"}],"author":[{"embeddable":true,"href":"http:\/\/trachtenverein-schoenram.de\/wp\/index.php?rest_route=\/wp\/v2\/users\/1"}],"replies":[{"embeddable":true,"href":"http:\/\/trachtenverein-schoenram.de\/wp\/index.php?rest_route=%2Fwp%2Fv2%2Fcomments&post=1316"}],"version-history":[{"count":5,"href":"http:\/\/trachtenverein-schoenram.de\/wp\/index.php?rest_route=\/wp\/v2\/posts\/1316\/revisions"}],"predecessor-version":[{"id":1323,"href":"http:\/\/trachtenverein-schoenram.de\/wp\/index.php?rest_route=\/wp\/v2\/posts\/1316\/revisions\/1323"}],"wp:attachment":[{"href":"http:\/\/trachtenverein-schoenram.de\/wp\/index.php?rest_route=%2Fwp%2Fv2%2Fmedia&parent=1316"}],"wp:term":[{"taxonomy":"category","embeddable":true,"href":"http:\/\/trachtenverein-schoenram.de\/wp\/index.php?rest_route=%2Fwp%2Fv2%2Fcategories&post=1316"},{"taxonomy":"post_tag","embeddable":true,"href":"http:\/\/trachtenverein-schoenram.de\/wp\/index.php?rest_route=%2Fwp%2Fv2%2Ftags&post=1316"}],"curies":[{"name":"wp","href":"https:\/\/api.w.org\/{rel}","templated":true}]}}