{"id":1571,"date":"2014-12-04T20:30:39","date_gmt":"2014-12-04T18:30:39","guid":{"rendered":"http:\/\/trachtenverein-schoenram.de\/wp\/?p=1571"},"modified":"2014-12-04T20:30:39","modified_gmt":"2014-12-04T18:30:39","slug":"positive-bilanz-bei-der-jahreshauptversammlung-2014","status":"publish","type":"post","link":"http:\/\/trachtenverein-schoenram.de\/wp\/?p=1571","title":{"rendered":"Positive Bilanz bei der Jahreshauptversammlung 2014"},"content":{"rendered":"<p style=\"text-align: justify;\"><strong>Sch\u00f6nram.<\/strong> (al) Es war eigentlich nicht anders zu erwarten, denn die Vereinsmaschinerie der \u201eD\u00b4Untersurtaler\u201c l\u00e4uft wie geschmiert.\u00a0 So blieben den vielen anwesenden Mitgliedern und G\u00e4sten bei der Herbstversammlung im Saal des Br\u00e4ust\u00fcberls in Sch\u00f6nram insbesondere b\u00f6se \u00dcberraschungen erspart.\u00a0 Die Berichte waren alle positiv und die Routine der damit besch\u00e4ftigten Abteilungsleiter und Vorstand Werner Gromes war deutlich zu h\u00f6ren.\u00a0 Trotzdem war aber besonders die Vorschau interessant, denn f\u00fcr die Zukunft haben die Sch\u00f6nramer Trachtler wieder einiges geplant.<\/p>\n<p style=\"text-align: justify;\">Nach der Begr\u00fc\u00dfung der Mitglieder und G\u00e4ste, in der insbesondere 1. B\u00fcrgermeister Karl Lanzinger und 2. B\u00fcrgermeister Ludwig Prechtl willkommen gehei\u00dfen wurden, gedachten die Mitglieder in einer Gedenkminute der Verstorbenen des Vereins, dann \u00fcbergab Gromes gleich\u00a0 das Wort an Schriftf\u00fchrer Martin Prechtl f\u00fcr dessen Bericht.\u00a0 Prechtl f\u00fchrte die etwa 50 Anl\u00e4sse, Sitzungen und Versammlungen auf, welche die Untersurtaler selbst veranstaltet haben, oder bei denen sie beteiligt waren im vergangenen Jahr.\u00a0 So haben die Untersurtaler drei Weihnachtsfeiern \u201eabsolviert\u201c, in Waging, ihre eigene und eine in Weildorf.\u00a0 Im Februar waren sie mit mehreren Passen sowohl beim \u201eSchnalzen rund um den Waginger See\u201c und beim \u201eRupertigau \u2013 Preisschnalzen\u201c in Saaldorf vertreten.\u00a0 Im April gab es sechs Theaterauff\u00fchrungen der Trachtler im Br\u00e4ust\u00fcberl Sch\u00f6nram.\u00a0 Einen lustigen Abend verbrachten die Sch\u00f6nramer, zusammen mit den Laufener Trachtlern im Vereinsheim beim \u201eOascheibn\u201c im April.\u00a0 Der Jahrtag mit Fr\u00fchjahrsversammlung sei buchst\u00e4blich ins Wasser gefallen und der dazugeh\u00f6rige Gottesdienst musste wegen Regens von der Badleiten ins Br\u00e4ust\u00fcberl verlegt werden, sagte Prechtl.\u00a0 Den \u201eGedein\u201c aus Laufen schlugen die Sch\u00f6nramer ein Schnippchen beim \u201eMaibaumklau\u201c, worauf die Laufener gen\u00f6tigt waren, ihren Baum mit Trinkbarem auszul\u00f6sen.\u00a0 Beim gemeinsamen Aufstellen in Laufen war aber schon wieder alles im Lot, sogar der Maibaum.<\/p>\n<p style=\"text-align: justify;\">Wie jedes Jahr nahmen die Untersurtaler auch wieder an der Trachtenwallfahrt nach Maria Eck teil.\u00a0 Der Juni brachte das Brauereifest der Brauerei Sch\u00f6nram, wobei die selbstgebackenen Kuchen der Trachtler weggingen wie die sprichw\u00f6rtlichen warmen Semmeln.\u00a0 Anstrengend war der Juli mit der Delegiertenversammlung in Ruhpolding, dem Gaufest in Ruhpolding, einem Heimatabend in Petting, dem 50-j\u00e4hrigen Gr\u00fcndungsfest des TSV Petting und dem Gaupreisplattln der Buam.\u00a0 Auch im September hatten die Untersurtaler viel zu tun.\u00a0 Da standen das Gaujugendpreisplattln in Saaldorf, das Gebietspreisplattln der Jugend in Waging, die Gemeindemeisterschaft der Stocksch\u00fctzen in Petting (5. Platz), der Erntedank und der \u201eBauernhirest\u201c in Laufen auf dem Programm.<\/p>\n<p style=\"text-align: justify;\">Erst k\u00fcrzlich wurden sowohl der langj\u00e4hrige Gebietsvertreter Herbert Galler als auch Gebietsschriftf\u00fchrer Werner Gromes bei einer gro\u00dfen Feier im Poststall Teisendorf verabschiedet.\u00a0 Danach, am 19. 10. gingen die Trachtler auf ihren Vereinsausflug nach Holzhausen und M\u00fchldorf.<\/p>\n<p style=\"text-align: justify;\">Einen sehr ausf\u00fchrlichen und minuti\u00f6sen Bericht hatte auch Kassier Gerhard Roider bereit.\u00a0 Dieser zeigte, dass die Sch\u00f6nramer Trachtler in einer guter finanziellen Verfassung sind. Altb\u00fcrgermeister Markus Putzhammer und Christa Amann hatten die Kasse gepr\u00fcft, bescheinigten Roider deren gute F\u00fchrung und schlugen die Entlastung der Vorstandschaft vor, die auch prompt und einstimmig gew\u00e4hrt wurde.<\/p>\n<p style=\"text-align: justify;\">Jugendwart Markus Gromes f\u00fchrte im Detail aus, an welchen Veranstaltungen die Kinder und Jugendlichen des Vereins teilgenommen hatten.\u00a0 Besonders hervorgehoben wurden dabei die guten Platzierungen beim Gebietsjugendpreisplattln in Waging, bei dem die Sch\u00f6nramer in den verschiedenen Kategorien mit Resultaten auf den R\u00e4ngen drei bis zehn gl\u00e4nzten und drei Pokale mit nach Hause nehmen konnten.\u00a0 Sicher eine Auswirkung des flei\u00dfigen \u00dcbens in 30 Proben seit der letzten Herbstversammlung.\u00a0 Gromes dankte vor allem der Jugendleiterin und Vort\u00e4nzerin Vroni Past\u00f6tter und seiner Mutter, Martha Gromes, f\u00fcr deren gro\u00dfe Hilfe bei seiner Arbeit mit den Kindern und Jugendlichen.\u00a0 Gromes rief alle Mitglieder dazu auf, sich in die Jugendarbeit des Vereins einzubringen.<\/p>\n<p style=\"text-align: justify;\">Vorplattler Thomas Past\u00f6tter erz\u00e4hlte nicht nur von den vielen Veranstaltungen, an denen die Sch\u00f6nramer teilgenommen hatten, sondern auch vom Spa\u00df, den sie dabei hatten.\u00a0 Die Gruppe arbeitet offensichtlich sehr gut zusammen und ist auch au\u00dferhalb des Plattlns und Drahns gern zusammen, wie bei einem Aktiven-Ausflug nach Wien am 6. und 7. Dezember.\u00a0 Theaterleiterin Gerlinde Dumberger stellte fest, die Auff\u00fchrungen des Fr\u00fchjahres seien wieder sehr erfolgreich gewesen und bedankte sich bei allen, die daran mitgearbeitet haben.\u00a0 Ein besonderer Dank ging an die Brauerei Sch\u00f6nram, f\u00fcr die M\u00f6glichkeit der Aufbewahrung der \u201eTheaterkisten\u201c und die generelle Mithilfe bei den Vorf\u00fchrungen.\u00a0 Dumberger versprach auch gleich weitere sechs Auff\u00fchrungen im n\u00e4chsten Fr\u00fchjahr.<\/p>\n<p style=\"text-align: justify;\">Schnalzergruppenleiter Ludwig Prechtl freute sich \u00fcber das gute Abschneiden der Sch\u00f6nramer Passen bei den heurigen Schnalzerveranstaltungen, wie dem \u201eSchnalzen rund um den Waginger See\u201c, wo die Sch\u00f6nramer bei den allgemeinen Passen die Pl\u00e4tze vier, neun, vierzehn und neunzehn von insgesamt 29 Startern belegen konnten.\u00a0 Auch die Jugend habe sich gut geschlagen, meinte Prechtl, mit einem siebten Platz und einem achtzehnten.\u00a0 Selbst wenn die Platzierungen nicht gro\u00dfartig waren, h\u00e4tten die Schnalzer doch viel Spa\u00df gehabt, beteuerte der Schnalzervorstand der Untersurtaler.\u00a0 Auch Prechtl bedankte sich herzlich bei allen Helfern.\u00a0 Jetzt werde mit Hochdruck auf das gro\u00dfe Rupertigaupreisschnalzen hingearbeitet, das im Februar in Sch\u00f6nram stattfinden wird.\u00a0 Dazu erbat sich Prechtl viele Helfer, um das Gro\u00dfereignis, an dem etwa 200 Passen teilnehmen werden, gut \u00fcber die B\u00fchne zu bringen.<\/p>\n<p style=\"text-align: justify;\">Vorstand Gromes meinte in seinem Bericht, es sei \u201eeh schon fast alles gesagt worden, was wichtig ist\u201c, aber es freue auch ihn, wenn m\u00f6glichst viele an Feiern und Veranstaltungen des Vereins teilnehmen.\u00a0 \u201eEs macht immer a Freid, wenn vui Leit dabei san\u201c, sagte Gromes und er hoffe dass das auch in Zukunft so bleiben werde.<\/p>\n<p style=\"text-align: justify;\">In seinem Gru\u00dfwort lobte B\u00fcrgermeister Karl Lanzinger die Trachtler f\u00fcr ihre ausgezeichnete Jugendarbeit und die Bewahrung und F\u00f6rderung des Brauchtums unserer Gegend.\u00a0 Der B\u00fcrgermeister versprach auch bestm\u00f6gliche Unterst\u00fctzung der Gemeinde f\u00fcr das gro\u00dfe Rupertigaupreisschnalzen in Sch\u00f6nram und generell viel Erfolg f\u00fcr das kommende Jahr.<\/p>\n<p style=\"text-align: justify;\">Abschlie\u00dfend bedankte sich Vorstand Gromes bei der Gemeinde, der Brauerei, den Besitzern Oberlindober und den Wirtsleuten Arno und Andrea Henninger f\u00fcr die stets gute Bewirtung und Unterst\u00fctzung der Trachtler und endete die Versammlung mit dem Wahlspruch \u201eTreu dem guten alten Brauch\u201c.<\/p>\n","protected":false},"excerpt":{"rendered":"<p>Sch\u00f6nram. (al) Es war eigentlich nicht anders zu erwarten, denn die Vereinsmaschinerie der \u201eD\u00b4Untersurtaler\u201c l\u00e4uft wie geschmiert.\u00a0 So blieben den vielen anwesenden Mitgliedern und G\u00e4sten bei<span class=\"excerpt-hellip\"> [\u2026]<\/span><\/p>\n","protected":false},"author":1,"featured_media":0,"comment_status":"closed","ping_status":"closed","sticky":false,"template":"","format":"standard","meta":{"ngg_post_thumbnail":0},"categories":[1],"tags":[73,33,41],"_links":{"self":[{"href":"http:\/\/trachtenverein-schoenram.de\/wp\/index.php?rest_route=\/wp\/v2\/posts\/1571"}],"collection":[{"href":"http:\/\/trachtenverein-schoenram.de\/wp\/index.php?rest_route=\/wp\/v2\/posts"}],"about":[{"href":"http:\/\/trachtenverein-schoenram.de\/wp\/index.php?rest_route=\/wp\/v2\/types\/post"}],"author":[{"embeddable":true,"href":"http:\/\/trachtenverein-schoenram.de\/wp\/index.php?rest_route=\/wp\/v2\/users\/1"}],"replies":[{"embeddable":true,"href":"http:\/\/trachtenverein-schoenram.de\/wp\/index.php?rest_route=%2Fwp%2Fv2%2Fcomments&post=1571"}],"version-history":[{"count":4,"href":"http:\/\/trachtenverein-schoenram.de\/wp\/index.php?rest_route=\/wp\/v2\/posts\/1571\/revisions"}],"predecessor-version":[{"id":1591,"href":"http:\/\/trachtenverein-schoenram.de\/wp\/index.php?rest_route=\/wp\/v2\/posts\/1571\/revisions\/1591"}],"wp:attachment":[{"href":"http:\/\/trachtenverein-schoenram.de\/wp\/index.php?rest_route=%2Fwp%2Fv2%2Fmedia&parent=1571"}],"wp:term":[{"taxonomy":"category","embeddable":true,"href":"http:\/\/trachtenverein-schoenram.de\/wp\/index.php?rest_route=%2Fwp%2Fv2%2Fcategories&post=1571"},{"taxonomy":"post_tag","embeddable":true,"href":"http:\/\/trachtenverein-schoenram.de\/wp\/index.php?rest_route=%2Fwp%2Fv2%2Ftags&post=1571"}],"curies":[{"name":"wp","href":"https:\/\/api.w.org\/{rel}","templated":true}]}}