{"id":1762,"date":"2015-10-15T21:53:32","date_gmt":"2015-10-15T19:53:32","guid":{"rendered":"http:\/\/trachtenverein-schoenram.de\/wp\/?p=1762"},"modified":"2015-10-15T21:54:12","modified_gmt":"2015-10-15T19:54:12","slug":"ausflug-der-kinder-und-jugendgruppe","status":"publish","type":"post","link":"http:\/\/trachtenverein-schoenram.de\/wp\/?p=1762","title":{"rendered":"Ausflug der Kinder- und Jugendgruppe"},"content":{"rendered":"<p><a href=\"http:\/\/trachtenverein-schoenram.de\/wp\/wp-content\/uploads\/2015\/10\/Jugendausflug-2015.jpg\"><img fetchpriority=\"high\" class=\"aligncenter size-full wp-image-1761\" title=\"Jugendausflug 2015\" src=\"http:\/\/trachtenverein-schoenram.de\/wp\/wp-content\/uploads\/2015\/10\/Jugendausflug-2015.jpg\" alt=\"\" width=\"508\" height=\"286\" srcset=\"http:\/\/trachtenverein-schoenram.de\/wp\/wp-content\/uploads\/2015\/10\/Jugendausflug-2015.jpg 1200w, http:\/\/trachtenverein-schoenram.de\/wp\/wp-content\/uploads\/2015\/10\/Jugendausflug-2015-300x168.jpg 300w, http:\/\/trachtenverein-schoenram.de\/wp\/wp-content\/uploads\/2015\/10\/Jugendausflug-2015-1024x576.jpg 1024w\" sizes=\"(max-width: 508px) 100vw, 508px\" \/><\/a><\/p>\n<p style=\"text-align: justify;\">Vom 7. auf den 8. September 2015 fand der diesj\u00e4hrige Kinder- und Jugendausflug statt. Wir fuhren mit dem PKW nach Prien zum Waldhochseilgarten. Alle freuten sich schon sehr auf diesen spanenden Tag. Zuerst wurden die Kinder und Jugendlichen in einzelne Gruppen aufgeteilt und durften in den verschiedenen Schwierigkeitsgraden klettern. F\u00fcr alle war es eine \u00dcberwindung und Herausforderung sich von Baum zu Baum zu schwingen. Am sp\u00e4ten Nachmittag fuhren wir wieder zur\u00fcck nach Sch\u00f6nram ins Vereinsheim. Hier wurde der anstrengende Nachmittag mit einer gro\u00dfen Pizza belohnt. Anschlie\u00dfend wurde das Nachtlager im Vereinsheim eingerichtet. Mit einigen Spielen und Filmen hatten wir noch sch\u00f6ne gemeinsame Abendstunden. Am n\u00e4chsten Morgen gab es ein reichhaltiges Fr\u00fchst\u00fcck. Um 10 Uhr wurden die Kinder und Jugendlichen von den Eltern abgeholt. Ein besonderer Dank geht an die Eltern, die die Kinder und Jugendlichen immer wieder zu den Proben, Veranstaltungen und Ausfl\u00fcgen fahren.<\/p>\n","protected":false},"excerpt":{"rendered":"<p>Vom 7. auf den 8. September 2015 fand der diesj\u00e4hrige Kinder- und Jugendausflug statt. Wir fuhren mit dem PKW nach Prien zum Waldhochseilgarten. Alle freuten sich<span class=\"excerpt-hellip\"> [\u2026]<\/span><\/p>\n","protected":false},"author":1,"featured_media":0,"comment_status":"closed","ping_status":"closed","sticky":false,"template":"","format":"standard","meta":{"ngg_post_thumbnail":0},"categories":[6],"tags":[79,36],"_links":{"self":[{"href":"http:\/\/trachtenverein-schoenram.de\/wp\/index.php?rest_route=\/wp\/v2\/posts\/1762"}],"collection":[{"href":"http:\/\/trachtenverein-schoenram.de\/wp\/index.php?rest_route=\/wp\/v2\/posts"}],"about":[{"href":"http:\/\/trachtenverein-schoenram.de\/wp\/index.php?rest_route=\/wp\/v2\/types\/post"}],"author":[{"embeddable":true,"href":"http:\/\/trachtenverein-schoenram.de\/wp\/index.php?rest_route=\/wp\/v2\/users\/1"}],"replies":[{"embeddable":true,"href":"http:\/\/trachtenverein-schoenram.de\/wp\/index.php?rest_route=%2Fwp%2Fv2%2Fcomments&post=1762"}],"version-history":[{"count":3,"href":"http:\/\/trachtenverein-schoenram.de\/wp\/index.php?rest_route=\/wp\/v2\/posts\/1762\/revisions"}],"predecessor-version":[{"id":1765,"href":"http:\/\/trachtenverein-schoenram.de\/wp\/index.php?rest_route=\/wp\/v2\/posts\/1762\/revisions\/1765"}],"wp:attachment":[{"href":"http:\/\/trachtenverein-schoenram.de\/wp\/index.php?rest_route=%2Fwp%2Fv2%2Fmedia&parent=1762"}],"wp:term":[{"taxonomy":"category","embeddable":true,"href":"http:\/\/trachtenverein-schoenram.de\/wp\/index.php?rest_route=%2Fwp%2Fv2%2Fcategories&post=1762"},{"taxonomy":"post_tag","embeddable":true,"href":"http:\/\/trachtenverein-schoenram.de\/wp\/index.php?rest_route=%2Fwp%2Fv2%2Ftags&post=1762"}],"curies":[{"name":"wp","href":"https:\/\/api.w.org\/{rel}","templated":true}]}}