{"id":2096,"date":"2017-09-22T14:25:27","date_gmt":"2017-09-22T12:25:27","guid":{"rendered":"http:\/\/trachtenverein-schoenram.de\/wp\/?p=2096"},"modified":"2022-10-03T22:14:41","modified_gmt":"2022-10-03T20:14:41","slug":"60-jahre-jung-die-kinder-und-jugendgruppe-der-untersurtaler","status":"publish","type":"post","link":"http:\/\/trachtenverein-schoenram.de\/wp\/?p=2096","title":{"rendered":"60 Jahre jung, die Kinder- und Jugendgruppe der Untersurtaler"},"content":{"rendered":"<div id=\"attachment_2093\" style=\"width: 529px\" class=\"wp-caption aligncenter\"><a href=\"http:\/\/trachtenverein-schoenram.de\/wp\/wp-content\/uploads\/2017\/09\/3-Vereine-Preisplatteln-Sch\u00f6nram-2017.jpg\"><img aria-describedby=\"caption-attachment-2093\" fetchpriority=\"high\" class=\"size-full wp-image-2093\" title=\"3-Vereine-Preisplatteln-Sch\u00f6nram-2017\" src=\"http:\/\/trachtenverein-schoenram.de\/wp\/wp-content\/uploads\/2017\/09\/3-Vereine-Preisplatteln-Sch\u00f6nram-2017.jpg\" alt=\"\" width=\"519\" height=\"262\" srcset=\"http:\/\/trachtenverein-schoenram.de\/wp\/wp-content\/uploads\/2017\/09\/3-Vereine-Preisplatteln-Sch\u00f6nram-2017.jpg 1578w, http:\/\/trachtenverein-schoenram.de\/wp\/wp-content\/uploads\/2017\/09\/3-Vereine-Preisplatteln-Sch\u00f6nram-2017-300x152.jpg 300w, http:\/\/trachtenverein-schoenram.de\/wp\/wp-content\/uploads\/2017\/09\/3-Vereine-Preisplatteln-Sch\u00f6nram-2017-1024x519.jpg 1024w\" sizes=\"(max-width: 519px) 100vw, 519px\" \/><\/a><p id=\"caption-attachment-2093\" class=\"wp-caption-text\">Alle Erstplatzierten beim 3-Vereine-Preisplattln anl\u00e4sslich des 60-j\u00e4hrigen Jubil\u00e4ums der Kinder- und Jugendgruppen der Untersurtaler, mit 1. Vorstand Werner Gromes (l.) und den Jugendleitern Veronika Past\u00f6tter (2.v.l.) und Markus Gromes (r.).<\/p><\/div>\n<p style=\"text-align: justify;\"><strong>Sch\u00f6nram.<\/strong> (al) Als Gruppe sind sie inzwischen 60 Jahre alt, aber die Mitglieder sind immer jung gewesen in der Kinder- und Jugendgruppe des GTEV \u201eD\u00b4Untersurtaler\u201c aus Sch\u00f6nram. Schon vor 60 Jahren haben die Altvorderen des Vereins f\u00fcr die Zukunft vorgesorgt und sich um junge Mitglieder bem\u00fcht. Es mag in all der Zeit nicht immer leicht gewesen sein, Kinder und Jugendliche f\u00fcr Brauchtum und Trachtenwesen zu begeistern, aber wie k\u00fcrzlich beim Jubil\u00e4um sichtbar, hat sich das Blatt gewendet und der Verein erntet reich f\u00fcr die Bem\u00fchungen. Die Zahl der Kinder und Jugendlichen in der Gruppe d\u00fcrfte h\u00f6her sein und der Enthusiasmus gr\u00f6\u00dfer denn je.<\/p>\n<p style=\"text-align: justify;\">Um das Jubil\u00e4um geb\u00fchrend zu feiern, veranstalteten die Untersurtaler neulich zuerst am Nachmittag ein Drei-Vereine-Plattln f\u00fcr die eigene Kinder- und Jugendgruppe und jene der Grenzlandler aus Laufen und der Tiefenthaler aus Weildorf. Am Abend folgte eine Festveranstaltung mit einem sch\u00f6nen Programm, den schon erw\u00e4hnten Vereinen und weiteren aus der Umgebung.<\/p>\n<p style=\"text-align: justify;\">Wie popul\u00e4r das Plattln und Drahn bei den Kindern und Jugendlichen ist, zeigte sich schon an der Teilnehmerzahl. Die drei Vereine konnten in den f\u00fcnf Altersgruppen insgesamt 89 Dirndln und Buam aufbieten. St\u00e4rkste Einzelgruppe war die der Dirndln Ia mit 18 Teilnehmerinnen. Die Ergebnisliste wird wie immer auf dieser Seite unter \u201eObalodn\u201c ver\u00f6ffentlicht.\u201c<\/p>\n<p style=\"text-align: justify;\">Zum Festabend konnte Werner Gromes aus der Gemeinde Petting den 1. B\u00fcrgermeister samt seiner beiden Stellvertreter und zahlreicher Gemeinder\u00e4te begr\u00fc\u00dfen. Stellvertretend vom Gauverband I &nbsp;wurden der 1. Gauvorstand Peter Eicher, Gauehrenmitglieder Alois Edmayer und Josef Harbeck, Gaujugendvertreter Christian Kammerbauer und Gebietsvertreter Hans Hogger begr\u00fc\u00dft. Als Vereine wurden neben den schon am Preisplattln am Nachmittag teilnehmenden Grenzlandlern aus Laufen und den Tiefenthalern aus Weildorf auch der Patenverein der Surtaler aus Lauter und Abordnungen weiterer Trachtenvereine aus der Umgebung begr\u00fc\u00dft. Gromes bedankte sich auch sehr herzlich bei der Brauerfamilie Oberlindober, die ihre Lagerhalle f\u00fcr das Jubil\u00e4um zur Verf\u00fcgung gestellt hatte. Gedankt wurde auch den vielen freiwilligen Helfern, die mit ihren selbstgebackenen Kuchen und Torten und den deftigen Brotzeiten und Getr\u00e4nken von der Brauerei die Besucher den ganzen Nachmittag und Abend \u00fcber bestens versorgten.<\/p>\n<p style=\"text-align: justify;\">Als sehr f\u00e4higer Moderator des Abends konnte dann der Jugendleiter der Untersurtaler, Markus Gromes ein unterhaltsames Programm ank\u00fcndigen. Dabei zeigten die Kinder und Jugend der Untersurtaler, Grenzlandler, Tiefenthaler und jetzt auch der Surtaler aus Lauter als Gruppen nochmals ihr K\u00f6nnen. Die Musik dazu kam von den Jungmusikanten der Musikkapelle Ringham-Petting und der \u201eBlech Bredl Blos\u201c. Die Blech Bredl Blos spielte sp\u00e4ter auch noch zum allgemeinen Tanz auf. Als Dank f\u00fcr die geleistete Jugendarbeit bekamen die anwesenden ehemaligen Jugendleiter und Jugendleiterinnen von den aktuellen Jugendleitern einen kleinen Geschenkkorb \u00fcberreicht.<\/p>\n<p style=\"text-align: justify;\">So konnten am Ende des Abends die Untersurtaler nicht nur auf 60 erfolgreiche Jahre mit ihren Kinder- und Jugendgruppen, sondern auch eine sehr gelungene Feier zur\u00fcckschauen, mit der sie dieses Jubil\u00e4um gefeiert haben.<\/p>\n<p style=\"text-align: justify;\">\n<div class=\"autoviewer\" id=\"ngg_autoviewer63\">\n<div class=\"swfobject\" id=\"fo63_1\" style=\"width:320px; height:240px;\">\n<p>The <a href=\"http:\/\/www.macromedia.com\/go\/getflashplayer\">Flash Player<\/a> and <a href=\"http:\/\/www.mozilla.com\/firefox\/\">a browser with Javascript support<\/a> are needed..<\/p>\n<\/div>\n<\/div>\n<script type=\"text\/javascript\" defer=\"defer\">\nvar fo63_1 = {\n\tparams : {\n\t\twmode : \"opaque\",\n\t\tallowfullscreen : \"true\",\n\t\tbgcolor : \"#FFFFFF\"},\n\tflashvars : {\n\t\tlangOpenImage : \"Open Image in New Window\",\n\t\tlangAbout : \"About\",\n\t\txmlURL : \"http:\/\/trachtenverein-schoenram.de\/wp\/wp-content\/plugins\/nextgen-flashviewer\/xml\/autoviewer.php?gid=63\"},\n\tattr : {\n\t\tstyleclass : \"autoviewer\"},\n\tstart : function() {\n\t\tswfobject.embedSWF(\"http:\/\/trachtenverein-schoenram.de\/wp\/wp-content\/plugins\/nggflash-swf\/autoviewer.swf\", \"fo63_1\", \"320\", \"240\", \"7.0.0\", false, this.flashvars, this.params , this.attr );\n\t}\n}\nfo63_1.start();\n<\/script><\/p>\n","protected":false},"excerpt":{"rendered":"<p>Sch\u00f6nram. (al) Als Gruppe sind sie inzwischen 60 Jahre alt, aber die Mitglieder sind immer jung gewesen in der Kinder- und Jugendgruppe des GTEV \u201eD\u00b4Untersurtaler\u201c aus<span class=\"excerpt-hellip\"> [\u2026]<\/span><\/p>\n","protected":false},"author":1,"featured_media":2093,"comment_status":"closed","ping_status":"closed","sticky":false,"template":"","format":"standard","meta":{"ngg_post_thumbnail":0},"categories":[1,6],"tags":[95,61,41],"_links":{"self":[{"href":"http:\/\/trachtenverein-schoenram.de\/wp\/index.php?rest_route=\/wp\/v2\/posts\/2096"}],"collection":[{"href":"http:\/\/trachtenverein-schoenram.de\/wp\/index.php?rest_route=\/wp\/v2\/posts"}],"about":[{"href":"http:\/\/trachtenverein-schoenram.de\/wp\/index.php?rest_route=\/wp\/v2\/types\/post"}],"author":[{"embeddable":true,"href":"http:\/\/trachtenverein-schoenram.de\/wp\/index.php?rest_route=\/wp\/v2\/users\/1"}],"replies":[{"embeddable":true,"href":"http:\/\/trachtenverein-schoenram.de\/wp\/index.php?rest_route=%2Fwp%2Fv2%2Fcomments&post=2096"}],"version-history":[{"count":4,"href":"http:\/\/trachtenverein-schoenram.de\/wp\/index.php?rest_route=\/wp\/v2\/posts\/2096\/revisions"}],"predecessor-version":[{"id":2602,"href":"http:\/\/trachtenverein-schoenram.de\/wp\/index.php?rest_route=\/wp\/v2\/posts\/2096\/revisions\/2602"}],"wp:featuredmedia":[{"embeddable":true,"href":"http:\/\/trachtenverein-schoenram.de\/wp\/index.php?rest_route=\/wp\/v2\/media\/2093"}],"wp:attachment":[{"href":"http:\/\/trachtenverein-schoenram.de\/wp\/index.php?rest_route=%2Fwp%2Fv2%2Fmedia&parent=2096"}],"wp:term":[{"taxonomy":"category","embeddable":true,"href":"http:\/\/trachtenverein-schoenram.de\/wp\/index.php?rest_route=%2Fwp%2Fv2%2Fcategories&post=2096"},{"taxonomy":"post_tag","embeddable":true,"href":"http:\/\/trachtenverein-schoenram.de\/wp\/index.php?rest_route=%2Fwp%2Fv2%2Ftags&post=2096"}],"curies":[{"name":"wp","href":"https:\/\/api.w.org\/{rel}","templated":true}]}}