{"id":2726,"date":"2023-02-15T22:41:03","date_gmt":"2023-02-15T20:41:03","guid":{"rendered":"http:\/\/trachtenverein-schoenram.de\/wp\/?p=2726"},"modified":"2023-02-15T22:46:38","modified_gmt":"2023-02-15T20:46:38","slug":"schoenramer-schnalzer-verteidigen-den-titel","status":"publish","type":"post","link":"http:\/\/trachtenverein-schoenram.de\/wp\/?p=2726","title":{"rendered":"Sch\u00f6nramer Schnalzer verteidigen den Titel"},"content":{"rendered":"\n<figure class=\"wp-block-image size-large\"><a href=\"http:\/\/trachtenverein-schoenram.de\/wp\/wp-content\/uploads\/2023\/02\/2023_Schnalzen_Roth-1.jpg\"><img fetchpriority=\"high\" width=\"1024\" height=\"576\" src=\"http:\/\/trachtenverein-schoenram.de\/wp\/wp-content\/uploads\/2023\/02\/2023_Schnalzen_Roth-1-1024x576.jpg\" alt=\"\" class=\"wp-image-2732\" srcset=\"http:\/\/trachtenverein-schoenram.de\/wp\/wp-content\/uploads\/2023\/02\/2023_Schnalzen_Roth-1-1024x576.jpg 1024w, http:\/\/trachtenverein-schoenram.de\/wp\/wp-content\/uploads\/2023\/02\/2023_Schnalzen_Roth-1-300x169.jpg 300w, http:\/\/trachtenverein-schoenram.de\/wp\/wp-content\/uploads\/2023\/02\/2023_Schnalzen_Roth-1-768x432.jpg 768w, http:\/\/trachtenverein-schoenram.de\/wp\/wp-content\/uploads\/2023\/02\/2023_Schnalzen_Roth-1-1536x864.jpg 1536w, http:\/\/trachtenverein-schoenram.de\/wp\/wp-content\/uploads\/2023\/02\/2023_Schnalzen_Roth-1-260x146.jpg 260w, http:\/\/trachtenverein-schoenram.de\/wp\/wp-content\/uploads\/2023\/02\/2023_Schnalzen_Roth-1-50x28.jpg 50w, http:\/\/trachtenverein-schoenram.de\/wp\/wp-content\/uploads\/2023\/02\/2023_Schnalzen_Roth-1-133x75.jpg 133w, http:\/\/trachtenverein-schoenram.de\/wp\/wp-content\/uploads\/2023\/02\/2023_Schnalzen_Roth-1.jpg 2047w\" sizes=\"(max-width: 1024px) 100vw, 1024px\" \/><\/a><\/figure>\n\n\n\n<p>Trotz eher durchwachsener Vorhersagen konnte am 05. Februar 2023 das Preisschnalzen \u201eRund um den Waginger See\u201c bei sch\u00f6nstem Wetter stattfinden. Und nicht nur mit dem Wetter hatten die Sch\u00f6nramer Schnalzer Gl\u00fcck \u2013 auch die Platzierungen gaben Anlass zum Feiern: So konnte die Pass Sch\u00f6nram II wie auch schon 2020 in Tittmoning, vor der pandemiebedingten Schnalzerpause, den Wettbewerb f\u00fcr sich entscheiden. Auch die Ergebnisse der anderen Sch\u00f6nramer Passen konnten sich sehen lassen: Sch\u00f6nram I belegte einen hervorragenden 6. Platz und auch Sch\u00f6nram III schaffte es mit Ehrgeiz und Flei\u00df ins beste Drittel aller Teilnehmer auf den 11. Rang.<\/p>\n\n\n\n<p>Nicht zu vergessen auch die Kinder und Jugendlichen: Die Jugendpass Sch\u00f6nram I konnte sich \u00fcber einen verdienten 2. Platz freuen, die Nachwuchsschnalzer der Pass Sch\u00f6nram II erreichten unter den 19 Teilnehmern einen soliden 13. Platz.<\/p>\n\n\n\n<figure class=\"wp-block-image size-large\"><a href=\"http:\/\/trachtenverein-schoenram.de\/wp\/wp-content\/uploads\/2023\/02\/Schnalzen_Roth_03.jpg\"><img width=\"1024\" height=\"576\" src=\"http:\/\/trachtenverein-schoenram.de\/wp\/wp-content\/uploads\/2023\/02\/Schnalzen_Roth_03-1024x576.jpg\" alt=\"\" class=\"wp-image-2729\" srcset=\"http:\/\/trachtenverein-schoenram.de\/wp\/wp-content\/uploads\/2023\/02\/Schnalzen_Roth_03-1024x576.jpg 1024w, http:\/\/trachtenverein-schoenram.de\/wp\/wp-content\/uploads\/2023\/02\/Schnalzen_Roth_03-300x169.jpg 300w, http:\/\/trachtenverein-schoenram.de\/wp\/wp-content\/uploads\/2023\/02\/Schnalzen_Roth_03-768x432.jpg 768w, http:\/\/trachtenverein-schoenram.de\/wp\/wp-content\/uploads\/2023\/02\/Schnalzen_Roth_03-1536x865.jpg 1536w, http:\/\/trachtenverein-schoenram.de\/wp\/wp-content\/uploads\/2023\/02\/Schnalzen_Roth_03-260x146.jpg 260w, http:\/\/trachtenverein-schoenram.de\/wp\/wp-content\/uploads\/2023\/02\/Schnalzen_Roth_03-50x28.jpg 50w, http:\/\/trachtenverein-schoenram.de\/wp\/wp-content\/uploads\/2023\/02\/Schnalzen_Roth_03-133x75.jpg 133w, http:\/\/trachtenverein-schoenram.de\/wp\/wp-content\/uploads\/2023\/02\/Schnalzen_Roth_03.jpg 1599w\" sizes=\"(max-width: 1024px) 100vw, 1024px\" \/><\/a><\/figure>\n","protected":false},"excerpt":{"rendered":"<p>Trotz eher durchwachsener Vorhersagen konnte am 05. Februar 2023 das Preisschnalzen \u201eRund um den Waginger See\u201c bei sch\u00f6nstem Wetter stattfinden. Und nicht nur mit dem Wetter<span class=\"excerpt-hellip\"> [\u2026]<\/span><\/p>\n","protected":false},"author":1,"featured_media":2728,"comment_status":"closed","ping_status":"closed","sticky":false,"template":"","format":"standard","meta":{"ngg_post_thumbnail":0},"categories":[8],"tags":[],"_links":{"self":[{"href":"http:\/\/trachtenverein-schoenram.de\/wp\/index.php?rest_route=\/wp\/v2\/posts\/2726"}],"collection":[{"href":"http:\/\/trachtenverein-schoenram.de\/wp\/index.php?rest_route=\/wp\/v2\/posts"}],"about":[{"href":"http:\/\/trachtenverein-schoenram.de\/wp\/index.php?rest_route=\/wp\/v2\/types\/post"}],"author":[{"embeddable":true,"href":"http:\/\/trachtenverein-schoenram.de\/wp\/index.php?rest_route=\/wp\/v2\/users\/1"}],"replies":[{"embeddable":true,"href":"http:\/\/trachtenverein-schoenram.de\/wp\/index.php?rest_route=%2Fwp%2Fv2%2Fcomments&post=2726"}],"version-history":[{"count":3,"href":"http:\/\/trachtenverein-schoenram.de\/wp\/index.php?rest_route=\/wp\/v2\/posts\/2726\/revisions"}],"predecessor-version":[{"id":2733,"href":"http:\/\/trachtenverein-schoenram.de\/wp\/index.php?rest_route=\/wp\/v2\/posts\/2726\/revisions\/2733"}],"wp:featuredmedia":[{"embeddable":true,"href":"http:\/\/trachtenverein-schoenram.de\/wp\/index.php?rest_route=\/wp\/v2\/media\/2728"}],"wp:attachment":[{"href":"http:\/\/trachtenverein-schoenram.de\/wp\/index.php?rest_route=%2Fwp%2Fv2%2Fmedia&parent=2726"}],"wp:term":[{"taxonomy":"category","embeddable":true,"href":"http:\/\/trachtenverein-schoenram.de\/wp\/index.php?rest_route=%2Fwp%2Fv2%2Fcategories&post=2726"},{"taxonomy":"post_tag","embeddable":true,"href":"http:\/\/trachtenverein-schoenram.de\/wp\/index.php?rest_route=%2Fwp%2Fv2%2Ftags&post=2726"}],"curies":[{"name":"wp","href":"https:\/\/api.w.org\/{rel}","templated":true}]}}